{"id":2996,"date":"2022-06-29T13:03:50","date_gmt":"2022-06-29T16:03:50","guid":{"rendered":"https:\/\/startcircular.obreal.net\/zagon-projekta-start-circular\/"},"modified":"2023-02-23T06:07:08","modified_gmt":"2023-02-23T09:07:08","slug":"zagon-projekta-start-circular","status":"publish","type":"post","link":"https:\/\/startcircular.obreal.org\/sl\/zagon-projekta-start-circular\/","title":{"rendered":"Zagon projekta Start Circular"},"content":{"rendered":"\n<p>Projekt Start Circular (2021-2024), ki ga financira program EU Erasmus+, koordinira pa Univerza v Montpellieru ter konzorcij univerz in MSP iz \u0160panije, Francije, Latvije in Slovenije, \u017eeli zdru\u017eiti dve klju\u010dni temi v Evropi: Priprava podjetnih diplomantov za delo v trajnostnih podjetjih in njihov razvoj ter krepitev sodelovanja med univerzami in MSP pri pou\u010devanju, u\u010denju in usposabljanju v ta namen. Za ustvarjanje zelenih delovnih mest mora Evropa vlagati v regenerativni pristop, ki je v nasprotju s tradicionalnim linearnim gospodarstvom. Start Circular temelji na dejstvu, da je ta prehod odvisen od mo\u010dnih visoko\u0161olskih sistemov, ki v sodelovanju z industrijo in nevladnimi organizacijami ustvarjajo voditelje in podjetnike na tem podro\u010dju.<\/p>\n<p>Cilji projekta so naslednji:<\/p>\n<ol>\n<li>Razvoj integriranega modela podjetni\u0161kega mened\u017ementa, ki temelji na kro\u017enem gospodarstvu, ki ga izvajajo univerze in MSP v partnerstvu, da bi izbolj\u0161ali razvoj spretnosti in ustvarjanje delovnih mest, povezanih z na\u010deli kro\u017enega gospodarstva.<\/li>\n<li>Uporaba tega modela na univerzah z razli\u010dnimi zmogljivostmi in potrebami v Evropi kot sredstvo za pove\u010danje \u0161tevila diplomantov, ki so pripravljeni postati podjetniki ali prihodnji voditelji v kro\u017enem gospodarstvu.<\/li>\n<li>V okviru prijave usposabljati univerzitetno pedago\u0161ko in administrativno osebje ter osebje MSP za skupni razvoj \u0161tudijskih programov in pristopov delovno integriranega u\u010denja, povezanih s kro\u017enim gospodarstvom.<\/li>\n<li>Vzpostavitev, povezovanje in internacionalizacija &#8220;trajnostnih laboratorijev&#8221; na partnerskih univerzah za pomo\u010d\/usposabljanje \u0161tudentov in mladih diplomantov pri razvoju podjetij, ki vklju\u010dujejo kro\u017eno gospodarstvo in soodgovornost.<\/li>\n<\/ol>\n<p>&nbsp;<\/p>\n<p><strong>Na spletni strani<\/strong><strong>9. in 10. maj 2022 uradni<\/strong> <strong>Za\u010detek<\/strong><strong>Sre\u010danje je potekalo na Univerzi v Montpellieru, koordinatorju projekta START Circular.<\/strong><\/p>\n<p>Namen sre\u010danja, ki je potekalo v hibridni obliki, je bil udele\u017eencem omogo\u010diti, da se prvi\u010d sre\u010dajo med seboj. \u010ceprav je projekt 8. decembra 2021 organiziral neuradno spletno uvodno sre\u010danje.<\/p>\n<p>Med uradnim za\u010detkom, ki je potekal vzporedno z obiskom laboratorija za trajnostni razvoj na Univerzi v Montpellieru, so \u010dlani Montpelliera in OBREAL Global predstavili projekt in akcijski na\u010drt za prvo leto ter finan\u010dna pravila projekta. Dogovorjeno je bilo, da bo vsak akademski partner v sodelovanju z MSP na svoji instituciji organiziral fokusno skupino na podlagi osnutka modela upravljanja podjetni\u0161tva. Rezultati bodo na voljo predvidoma septembra.<\/p>\n<p>Drugi dan je bil namenjen obisku laboratorija za trajnostni razvoj in inkubatorjev na Univerzi v Montpellieru. Obiske je spremljala predstavitev mestnega sveta o politiki Montpelliera v zvezi s podjetni\u0161tvom in kro\u017enim gospodarstvom ter nekaj predstavitev akademskega osebja o \u0161tudijskih programih, povezanih s to temo.<\/p>\n","protected":false},"excerpt":{"rendered":"<p>Cilj projekta Start Circular je zdru\u017eiti dve klju\u010dni temi v Evropi: Priprava podjetnih diplomantov za delo v trajnostnih podjetjih in njihov razvoj ter krepitev sodelovanja med univerzami in MSP pri pou\u010devanju, u\u010denju in usposabljanju v ta namen.<\/p>\n","protected":false},"author":3,"featured_media":2594,"comment_status":"closed","ping_status":"closed","sticky":false,"template":"","format":"standard","meta":{"_kad_blocks_custom_css":"","_kad_blocks_head_custom_js":"","_kad_blocks_body_custom_js":"","_kad_blocks_footer_custom_js":"","footnotes":""},"categories":[3],"tags":[],"class_list":["post-2996","post","type-post","status-publish","format-standard","has-post-thumbnail","hentry","category-news"],"taxonomy_info":{"category":[{"value":3,"label":"News"}]},"featured_image_src_large":["https:\/\/startcircular.obreal.org\/wp-content\/uploads\/sites\/3\/2022\/06\/cropped-24.png",512,512,false],"author_info":{"display_name":"Bea King","author_link":"https:\/\/startcircular.obreal.org\/sl\/author\/beaking\/"},"comment_info":"","category_info":[{"term_id":3,"name":"News","slug":"news","term_group":0,"term_taxonomy_id":3,"taxonomy":"category","description":"","parent":0,"count":13,"filter":"raw","cat_ID":3,"category_count":13,"category_description":"","cat_name":"News","category_nicename":"news","category_parent":0}],"tag_info":false,"_links":{"self":[{"href":"https:\/\/startcircular.obreal.org\/sl\/wp-json\/wp\/v2\/posts\/2996","targetHints":{"allow":["GET"]}}],"collection":[{"href":"https:\/\/startcircular.obreal.org\/sl\/wp-json\/wp\/v2\/posts"}],"about":[{"href":"https:\/\/startcircular.obreal.org\/sl\/wp-json\/wp\/v2\/types\/post"}],"author":[{"embeddable":true,"href":"https:\/\/startcircular.obreal.org\/sl\/wp-json\/wp\/v2\/users\/3"}],"replies":[{"embeddable":true,"href":"https:\/\/startcircular.obreal.org\/sl\/wp-json\/wp\/v2\/comments?post=2996"}],"version-history":[{"count":1,"href":"https:\/\/startcircular.obreal.org\/sl\/wp-json\/wp\/v2\/posts\/2996\/revisions"}],"predecessor-version":[{"id":2997,"href":"https:\/\/startcircular.obreal.org\/sl\/wp-json\/wp\/v2\/posts\/2996\/revisions\/2997"}],"wp:featuredmedia":[{"embeddable":true,"href":"https:\/\/startcircular.obreal.org\/sl\/wp-json\/wp\/v2\/media\/2594"}],"wp:attachment":[{"href":"https:\/\/startcircular.obreal.org\/sl\/wp-json\/wp\/v2\/media?parent=2996"}],"wp:term":[{"taxonomy":"category","embeddable":true,"href":"https:\/\/startcircular.obreal.org\/sl\/wp-json\/wp\/v2\/categories?post=2996"},{"taxonomy":"post_tag","embeddable":true,"href":"https:\/\/startcircular.obreal.org\/sl\/wp-json\/wp\/v2\/tags?post=2996"}],"curies":[{"name":"wp","href":"https:\/\/api.w.org\/{rel}","templated":true}]}}