{"id":2994,"date":"2022-06-29T13:03:50","date_gmt":"2022-06-29T16:03:50","guid":{"rendered":"https:\/\/startcircular.obreal.net\/lanzamiento-del-proyecto-start-circular\/"},"modified":"2023-02-23T05:59:11","modified_gmt":"2023-02-23T08:59:11","slug":"lanzamiento-del-proyecto-start-circular","status":"publish","type":"post","link":"https:\/\/startcircular.obreal.org\/es\/lanzamiento-del-proyecto-start-circular\/","title":{"rendered":"Lanzamiento del proyecto Start Circular"},"content":{"rendered":"\n<p>El proyecto Start Circular (2021-2024) -financiado por el programa Erasmus+ de la UE y coordinado por la Universidad de Montpellier y un consorcio de universidades y PYME de Espa\u00f1a, Francia, Letonia y Eslovenia- pretende fusionar dos temas clave en Europa: Preparar a titulados emprendedores para trabajar y desarrollar empresas sostenibles y reforzar la colaboraci\u00f3n universidad-PYME en la ense\u00f1anza, el aprendizaje y la formaci\u00f3n a tal efecto. Para crear empleos verdes, Europa tiene que invertir en un enfoque regenerativo que contraste con la econom\u00eda lineal tradicional. Start Circular parte de la premisa de que esta transici\u00f3n depende de sistemas s\u00f3lidos de ense\u00f1anza superior que generen l\u00edderes y emprendedores en este campo, en colaboraci\u00f3n con la industria y las ONG.<\/p>\n<p>Los objetivos del proyecto son<\/p>\n<ol>\n<li>Desarrollar un modelo integrado de gesti\u00f3n empresarial basado en la econom\u00eda circular, aplicado por universidades y PYME en colaboraci\u00f3n, con el fin de mejorar el desarrollo de competencias y la creaci\u00f3n de empleo relacionados con los principios de la econom\u00eda circular.<\/li>\n<li>Aplicar este modelo en universidades de diversas capacidades y necesidades en Europa, como medio para aumentar el n\u00famero de graduados que est\u00e9n preparados para convertirse en emprendedores o futuros l\u00edderes en econom\u00eda circular.<\/li>\n<li>Como parte de su aplicaci\u00f3n, formar tanto al personal docente y administrativo de la universidad como al personal de las PYME en el codesarrollo de programas de estudio y enfoques de aprendizaje integrado en el trabajo relacionados con la econom\u00eda circular.<\/li>\n<li>Crear, conectar e internacionalizar \u00abLaboratorios de Sostenibilidad\u00bb en las universidades asociadas, para ayudar\/formar a estudiantes y j\u00f3venes licenciados en el desarrollo de empresas que integren la econom\u00eda circular y la corresponsabilidad.<\/li>\n<\/ol>\n<p>&nbsp;<\/p>\n<p><strong>En<\/strong> <strong>9-10 de mayo de 2022 el<\/strong> <strong>Lanzamiento<\/strong><strong>de la Reuni\u00f3n coincidiendo con la primera Visita de Estudio tuvo lugar en la Universidad de Montpellier, coordinadora del Proyecto START Circular.<\/strong><\/p>\n<p>El objetivo de la reuni\u00f3n, celebrada en formato de hibridaci\u00f3n, era que los participantes se conocieran por primera vez. Aunque el proyecto hab\u00eda organizado una reuni\u00f3n informal de lanzamiento en l\u00ednea el 8 de diciembre de 2021.<\/p>\n<p>Durante este lanzamiento oficial, que se celebr\u00f3 coincidiendo con la visita al laboratorio de sostenibilidad de la Universidad de Montpellier, miembros de Montpellier y de OBREAL Global presentaron el proyecto y el plan de acci\u00f3n para el primer a\u00f1o, as\u00ed como las normas financieras del proyecto. Se acord\u00f3 que cada socio acad\u00e9mico, en cooperaci\u00f3n con la PYME, celebrar\u00eda un grupo de discusi\u00f3n en su instituci\u00f3n, basado en un borrador del Modelo de Gesti\u00f3n Empresarial. Se espera que los resultados est\u00e9n disponibles en septiembre.<\/p>\n<p>El segundo d\u00eda se dedic\u00f3 a visitar el Laboratorio de Sostenibilidad y las incubadoras de la Universidad de Montpellier. Estas visitas estuvieron acompa\u00f1adas de una presentaci\u00f3n del Ayuntamiento sobre la pol\u00edtica de Montpellier en materia de esp\u00edritu empresarial y econom\u00eda circular, as\u00ed como de algunas presentaciones del personal acad\u00e9mico sobre programas de estudio relacionados con el tema.<\/p>\n","protected":false},"excerpt":{"rendered":"<p>El proyecto Start Circular pretende fusionar dos temas clave en Europa: Preparar a titulados emprendedores para trabajar y desarrollar empresas sostenibles y reforzar la colaboraci\u00f3n universidad-PYME en la ense\u00f1anza, el aprendizaje y la formaci\u00f3n a tal efecto.<\/p>\n","protected":false},"author":3,"featured_media":1754,"comment_status":"closed","ping_status":"closed","sticky":false,"template":"","format":"standard","meta":{"_kad_blocks_custom_css":"","_kad_blocks_head_custom_js":"","_kad_blocks_body_custom_js":"","_kad_blocks_footer_custom_js":"","footnotes":""},"categories":[3],"tags":[],"class_list":["post-2994","post","type-post","status-publish","format-standard","has-post-thumbnail","hentry","category-news"],"taxonomy_info":{"category":[{"value":3,"label":"News"}]},"featured_image_src_large":["https:\/\/startcircular.obreal.org\/wp-content\/uploads\/sites\/3\/2022\/06\/cropped-24.png",512,512,false],"author_info":{"display_name":"Bea King","author_link":"https:\/\/startcircular.obreal.org\/es\/author\/beaking\/"},"comment_info":"","category_info":[{"term_id":3,"name":"News","slug":"news","term_group":0,"term_taxonomy_id":3,"taxonomy":"category","description":"","parent":0,"count":13,"filter":"raw","cat_ID":3,"category_count":13,"category_description":"","cat_name":"News","category_nicename":"news","category_parent":0}],"tag_info":false,"_links":{"self":[{"href":"https:\/\/startcircular.obreal.org\/es\/wp-json\/wp\/v2\/posts\/2994","targetHints":{"allow":["GET"]}}],"collection":[{"href":"https:\/\/startcircular.obreal.org\/es\/wp-json\/wp\/v2\/posts"}],"about":[{"href":"https:\/\/startcircular.obreal.org\/es\/wp-json\/wp\/v2\/types\/post"}],"author":[{"embeddable":true,"href":"https:\/\/startcircular.obreal.org\/es\/wp-json\/wp\/v2\/users\/3"}],"replies":[{"embeddable":true,"href":"https:\/\/startcircular.obreal.org\/es\/wp-json\/wp\/v2\/comments?post=2994"}],"version-history":[{"count":1,"href":"https:\/\/startcircular.obreal.org\/es\/wp-json\/wp\/v2\/posts\/2994\/revisions"}],"predecessor-version":[{"id":2995,"href":"https:\/\/startcircular.obreal.org\/es\/wp-json\/wp\/v2\/posts\/2994\/revisions\/2995"}],"wp:featuredmedia":[{"embeddable":true,"href":"https:\/\/startcircular.obreal.org\/es\/wp-json\/wp\/v2\/media\/1754"}],"wp:attachment":[{"href":"https:\/\/startcircular.obreal.org\/es\/wp-json\/wp\/v2\/media?parent=2994"}],"wp:term":[{"taxonomy":"category","embeddable":true,"href":"https:\/\/startcircular.obreal.org\/es\/wp-json\/wp\/v2\/categories?post=2994"},{"taxonomy":"post_tag","embeddable":true,"href":"https:\/\/startcircular.obreal.org\/es\/wp-json\/wp\/v2\/tags?post=2994"}],"curies":[{"name":"wp","href":"https:\/\/api.w.org\/{rel}","templated":true}]}}